{"id":426,"date":"2024-05-30T23:26:45","date_gmt":"2024-05-31T05:26:45","guid":{"rendered":"https:\/\/iluminandomasgente.org\/?p=426"},"modified":"2024-05-30T23:26:46","modified_gmt":"2024-05-31T05:26:46","slug":"pacto-por-la-primera-infancia","status":"publish","type":"post","link":"https:\/\/iluminandomasgente.org\/?p=426","title":{"rendered":"Pacto por la primera infancia"},"content":{"rendered":"\n<p>Nos enorgullece haber estado presentes en la firma del Pacto por la Primera Infancia junto con el candidato a la Presidencia Municipal de Tlalnepantla de Baz, Lic. Tony Rodr\u00edguez, quien ha demostrado un gran compromiso con el desarrollo de l@s ni\u00f1@s. Tambi\u00e9n contamos con la presencia de los candidatos a regidores Ver\u00f3nica Rocha V\u00e9lez, Perla Monroy, Lorena Roa L\u00f3pez y Yos Uribe, todas ellas comprometidas con la ni\u00f1ez de Tlalnepantla de Baz.<\/p>\n\n\n\n<p>Este evento subraya la importancia de una mejor alimentaci\u00f3n desde los 0 a 6 a\u00f1os, esencial para el crecimiento y desarrollo integral de la infancia. Agradecemos a todos los presentes por su dedicaci\u00f3n y apoyo a esta causa tan vital.<\/p>\n\n\n\n<p>Juntos, trabajamos por un futuro m\u00e1s prometedor para nuestros ni\u00f1os. \u00a1Sigamos adelante!<\/p>\n\n\n\n<figure class=\"wp-block-image size-large is-resized\"><img loading=\"lazy\" decoding=\"async\" width=\"1024\" height=\"576\" src=\"https:\/\/iluminandomasgente.org\/wp-content\/uploads\/2024\/05\/j1-1024x576.jpg\" alt=\"\" class=\"wp-image-427\" style=\"width:648px;height:auto\" srcset=\"https:\/\/iluminandomasgente.org\/wp-content\/uploads\/2024\/05\/j1-1024x576.jpg 1024w, https:\/\/iluminandomasgente.org\/wp-content\/uploads\/2024\/05\/j1-300x169.jpg 300w, https:\/\/iluminandomasgente.org\/wp-content\/uploads\/2024\/05\/j1-768x432.jpg 768w, https:\/\/iluminandomasgente.org\/wp-content\/uploads\/2024\/05\/j1-600x338.jpg 600w, https:\/\/iluminandomasgente.org\/wp-content\/uploads\/2024\/05\/j1.jpg 1280w\" sizes=\"auto, (max-width: 1024px) 100vw, 1024px\" \/><\/figure>\n\n\n\n<figure class=\"wp-block-image size-large is-resized\"><img loading=\"lazy\" decoding=\"async\" width=\"1024\" height=\"576\" src=\"https:\/\/iluminandomasgente.org\/wp-content\/uploads\/2024\/05\/j2-1024x576.jpg\" alt=\"\" class=\"wp-image-428\" style=\"width:652px;height:auto\" srcset=\"https:\/\/iluminandomasgente.org\/wp-content\/uploads\/2024\/05\/j2-1024x576.jpg 1024w, https:\/\/iluminandomasgente.org\/wp-content\/uploads\/2024\/05\/j2-300x169.jpg 300w, https:\/\/iluminandomasgente.org\/wp-content\/uploads\/2024\/05\/j2-768x432.jpg 768w, https:\/\/iluminandomasgente.org\/wp-content\/uploads\/2024\/05\/j2-600x338.jpg 600w, https:\/\/iluminandomasgente.org\/wp-content\/uploads\/2024\/05\/j2.jpg 1280w\" sizes=\"auto, (max-width: 1024px) 100vw, 1024px\" \/><\/figure>\n\n\n\n<figure class=\"wp-block-image size-large is-resized\"><img loading=\"lazy\" decoding=\"async\" width=\"1024\" height=\"576\" src=\"https:\/\/iluminandomasgente.org\/wp-content\/uploads\/2024\/05\/j3-1024x576.jpg\" alt=\"\" class=\"wp-image-429\" style=\"width:671px;height:auto\" srcset=\"https:\/\/iluminandomasgente.org\/wp-content\/uploads\/2024\/05\/j3-1024x576.jpg 1024w, https:\/\/iluminandomasgente.org\/wp-content\/uploads\/2024\/05\/j3-300x169.jpg 300w, https:\/\/iluminandomasgente.org\/wp-content\/uploads\/2024\/05\/j3-768x432.jpg 768w, https:\/\/iluminandomasgente.org\/wp-content\/uploads\/2024\/05\/j3-600x338.jpg 600w, https:\/\/iluminandomasgente.org\/wp-content\/uploads\/2024\/05\/j3.jpg 1280w\" sizes=\"auto, (max-width: 1024px) 100vw, 1024px\" \/><\/figure>\n\n\n\n<figure class=\"wp-block-image size-large is-resized\"><img loading=\"lazy\" decoding=\"async\" width=\"1024\" height=\"768\" src=\"https:\/\/iluminandomasgente.org\/wp-content\/uploads\/2024\/05\/j4-1024x768.jpg\" alt=\"\" class=\"wp-image-430\" style=\"width:677px;height:auto\" srcset=\"https:\/\/iluminandomasgente.org\/wp-content\/uploads\/2024\/05\/j4-1024x768.jpg 1024w, https:\/\/iluminandomasgente.org\/wp-content\/uploads\/2024\/05\/j4-300x225.jpg 300w, https:\/\/iluminandomasgente.org\/wp-content\/uploads\/2024\/05\/j4-768x576.jpg 768w, https:\/\/iluminandomasgente.org\/wp-content\/uploads\/2024\/05\/j4-1536x1152.jpg 1536w, https:\/\/iluminandomasgente.org\/wp-content\/uploads\/2024\/05\/j4-600x450.jpg 600w, https:\/\/iluminandomasgente.org\/wp-content\/uploads\/2024\/05\/j4.jpg 1600w\" sizes=\"auto, (max-width: 1024px) 100vw, 1024px\" \/><\/figure>\n","protected":false},"excerpt":{"rendered":"<p>Iluminando m\u00e1s gente presente en la firma del pacto por la primer infancia.<br \/>\nJuntos, trabajamos por un futuro m\u00e1s prometedor para nuestros ni\u00f1os. \u00a1Sigamos adelante!<\/p>\n","protected":false},"author":2,"featured_media":428,"comment_status":"open","ping_status":"open","sticky":false,"template":"","format":"standard","meta":{"footnotes":""},"categories":[19],"tags":[],"class_list":["post-426","post","type-post","status-publish","format-standard","has-post-thumbnail","hentry","category-programaseventos"],"_links":{"self":[{"href":"https:\/\/iluminandomasgente.org\/index.php?rest_route=\/wp\/v2\/posts\/426","targetHints":{"allow":["GET"]}}],"collection":[{"href":"https:\/\/iluminandomasgente.org\/index.php?rest_route=\/wp\/v2\/posts"}],"about":[{"href":"https:\/\/iluminandomasgente.org\/index.php?rest_route=\/wp\/v2\/types\/post"}],"author":[{"embeddable":true,"href":"https:\/\/iluminandomasgente.org\/index.php?rest_route=\/wp\/v2\/users\/2"}],"replies":[{"embeddable":true,"href":"https:\/\/iluminandomasgente.org\/index.php?rest_route=%2Fwp%2Fv2%2Fcomments&post=426"}],"version-history":[{"count":1,"href":"https:\/\/iluminandomasgente.org\/index.php?rest_route=\/wp\/v2\/posts\/426\/revisions"}],"predecessor-version":[{"id":431,"href":"https:\/\/iluminandomasgente.org\/index.php?rest_route=\/wp\/v2\/posts\/426\/revisions\/431"}],"wp:featuredmedia":[{"embeddable":true,"href":"https:\/\/iluminandomasgente.org\/index.php?rest_route=\/wp\/v2\/media\/428"}],"wp:attachment":[{"href":"https:\/\/iluminandomasgente.org\/index.php?rest_route=%2Fwp%2Fv2%2Fmedia&parent=426"}],"wp:term":[{"taxonomy":"category","embeddable":true,"href":"https:\/\/iluminandomasgente.org\/index.php?rest_route=%2Fwp%2Fv2%2Fcategories&post=426"},{"taxonomy":"post_tag","embeddable":true,"href":"https:\/\/iluminandomasgente.org\/index.php?rest_route=%2Fwp%2Fv2%2Ftags&post=426"}],"curies":[{"name":"wp","href":"https:\/\/api.w.org\/{rel}","templated":true}]}}